{"id":28688,"date":"2024-07-04T13:18:30","date_gmt":"2024-07-04T16:18:30","guid":{"rendered":"https:\/\/probelle.com.br\/descubra-los-beneficios-de-utilizar-acabados-para-el-cabello-y-sin-aclarado\/"},"modified":"2024-07-24T14:10:35","modified_gmt":"2024-07-24T17:10:35","slug":"descubra-los-beneficios-de-utilizar-acabados-para-el-cabello-y-sin-aclarado","status":"publish","type":"post","link":"https:\/\/probelle.com.br\/es\/descubra-los-beneficios-de-utilizar-acabados-para-el-cabello-y-sin-aclarado\/","title":{"rendered":"Descubra los beneficios de utilizar acabados para el cabello y sin aclarado"},"content":{"rendered":"\n<h2 class=\"wp-block-heading has-text-align-center has-medium-font-size\">\u00bfCabello radiante y lleno de vida con Leave-In y Finishers? \u00a1Si es posible!<\/h2>\n\n<p>\u00bfAlguna vez has imaginado tener un cabello perfecto, liso, rizos hidratados y sin frizz o incluso colores vibrantes durante semanas? \u00a1Con el uso de los acabados y sin enjuague de Probelle Cosm\u00e9ticos, puedes lograr estos resultados y mucho m\u00e1s!<\/p>\n\n<p class=\"has-medium-font-size\">\u00bfQu\u00e9 son los Leave-In y Finishers?<\/p>\n\n<ul class=\"wp-block-list\">\n<li>Leave-in: Producto sin enjuague que hidrata, protege y disciplina el cabello, ideal para usar despu\u00e9s del lavado.<\/li>\n\n\n\n<li>Finalizadores: Una categor\u00eda m\u00e1s amplia que incluye aceites y sueros correctores que proteger\u00e1n tu cabello y lo mantendr\u00e1n a\u00fan m\u00e1s saludable.<\/li>\n<\/ul>\n\n<p class=\"has-medium-font-size\">Beneficios de usar agentes de acabado y sin aclarado:<\/p>\n\n<ul class=\"wp-block-list\">\n<li>Hidrataci\u00f3n profunda: Mantiene el cabello suave, manejable y con un brillo natural.<\/li>\n\n\n\n<li>Protecci\u00f3n contra agresores: Escudo contra el calor de herramientas t\u00e9rmicas, rayos solares, contaminaci\u00f3n y otros da\u00f1os externos.<\/li>\n\n\n\n<li>Control del frizz: Reduce el volumen y el frizz, proporcionando un aspecto m\u00e1s alineado y definido.<\/li>\n\n\n\n<li>Facilidad de peinado: Desenreda los hilos y facilita el proceso de peinado, evitando roturas.<\/li>\n\n\n\n<li>Definici\u00f3n de rizos: Define e hidrata los rizos, dej\u00e1ndolos m\u00e1s bonitos y con menos frizz.<\/li>\n\n\n\n<li>Brillo intenso: Aumenta el brillo natural del cabello, dej\u00e1ndolo con un aspecto sano y radiante.<\/li>\n\n\n\n<li>Fortalecimiento del cabello: Fortalece la estructura del cabello, previniendo las puntas abiertas y la rotura.<\/li>\n\n\n\n<li>Mantenimiento del color: Protege el color del cabello te\u00f1ido, retrasando la decoloraci\u00f3n.<\/li>\n<\/ul>\n\n<p class=\"has-medium-font-size\">Descubra los sueros correctores Probelle:<\/p>\n\n<p>Probelle ofrece una l\u00ednea completa de Sueros Correctores para satisfacer las necesidades de cada tipo de cabello:<\/p>\n\n<ul class=\"wp-block-list\">\n<li>Force Ultra Corrector Serum: Repone los nutrientes y garantiza la m\u00e1xima protecci\u00f3n para el cabello seco y da\u00f1ado.<\/li>\n\n\n\n<li>Age Ultra Corrector Serum: Revitaliza y combate los signos del envejecimiento en cabellos maduros y fr\u00e1giles.<\/li>\n\n\n\n<li>Lumino Max Corrector Serum: Reconstruye y protege el cabello contra las agresiones externas, ideal para cabellos tratados qu\u00edmicamente.<\/li>\n<\/ul>\n\n<p class=\"has-medium-font-size\">Lo m\u00e1s destacado de Lumino Max Leave-in:<\/p>\n\n<p>Lumino Max Leave-in es uno de los favoritos de Probelle y ofrece varios beneficios para el cabello:<\/p>\n\n<ul class=\"wp-block-list\">\n<li>Protector t\u00e9rmico: Protege el cabello frente a las altas temperaturas de las herramientas de calor, como secadores y planchas.<\/li>\n\n\n\n<li>Filtro solar de tercera generaci\u00f3n: Protege el cabello contra los rayos UVA y UVB, previniendo la decoloraci\u00f3n y la sequedad.<\/li>\n\n\n\n<li>Barrera antihumedad: Crea una pel\u00edcula protectora que evita la entrada y salida de la humedad, controlando el encrespamiento y manteniendo la hidrataci\u00f3n natural del cabello.<\/li>\n\n\n\n<li>F\u00f3rmula ligera y de r\u00e1pida absorci\u00f3n: No apelmaza el cabello y garantiza un tacto suave y natural.<\/li>\n<\/ul>\n\n<p class=\"has-text-align-center has-medium-font-size\">\u00a1Disfruta y luce siempre un cabello hermoso y radiante!<\/p>\n","protected":false},"excerpt":{"rendered":"<p>Descubre c\u00f3mo los productos sin enjuague y finalizadores de Probelle Cosm\u00e9ticos pueden transformar tu cabello. Con beneficios como hidrataci\u00f3n profunda, protecci\u00f3n contra agresores externos y control del frizz, estos productos son esenciales para mantener tu cabello radiante y saludable. Descubra tambi\u00e9n los sueros correctores de Probelle, que ofrecen soluciones personalizadas para cada tipo de cabello.<\/p>\n","protected":false},"author":2,"featured_media":27246,"comment_status":"open","ping_status":"open","sticky":false,"template":"","format":"standard","meta":{"_joinchat":[],"footnotes":""},"categories":[252],"tags":[755,756,696,757,760,713,759,758],"class_list":["post-28688","post","type-post","status-publish","format-standard","has-post-thumbnail","hentry","category-blog-es","tag-brillo-del-cabello","tag-control-de-frizz","tag-cuidado-del-cabello","tag-definicion-de-rizo","tag-dejar-en","tag-hidratacion-es","tag-proteccion-termica","tag-rematadores"],"yoast_head":"<!-- This site is optimized with the Yoast SEO Premium plugin v23.5 (Yoast SEO v26.5) - https:\/\/yoast.com\/wordpress\/plugins\/seo\/ -->\n<title>Descubra los beneficios de utilizar acabados para el cabello y sin aclarado<\/title>\n<meta name=\"description\" content=\"Explore los beneficios de usar acabados para el cabello y sin aclarado. Hidrataci\u00f3n, protecci\u00f3n, control del frizz y mucho m\u00e1s con los productos Probelle Cosm\u00e9ticos. Descubre los Serums Correctores y transforma tu cabello.\" \/>\n<meta name=\"robots\" content=\"index, follow, max-snippet:-1, max-image-preview:large, max-video-preview:-1\" \/>\n<link rel=\"canonical\" href=\"https:\/\/probelle.com.br\/es\/descubra-los-beneficios-de-utilizar-acabados-para-el-cabello-y-sin-aclarado\/\" \/>\n<meta property=\"og:locale\" content=\"es_ES\" \/>\n<meta property=\"og:type\" content=\"article\" \/>\n<meta property=\"og:title\" content=\"Descubra los beneficios de utilizar acabados para el cabello y sin aclarado\" \/>\n<meta property=\"og:description\" content=\"Explore los beneficios de usar acabados para el cabello y sin aclarado. Hidrataci\u00f3n, protecci\u00f3n, control del frizz y mucho m\u00e1s con los productos Probelle Cosm\u00e9ticos. Descubre los Serums Correctores y transforma tu cabello.\" \/>\n<meta property=\"og:url\" content=\"https:\/\/probelle.com.br\/es\/descubra-los-beneficios-de-utilizar-acabados-para-el-cabello-y-sin-aclarado\/\" \/>\n<meta property=\"og:site_name\" content=\"Probelle Cosm\u00e9ticos\" \/>\n<meta property=\"article:publisher\" content=\"https:\/\/www.facebook.com\/probelle\/\" \/>\n<meta property=\"article:published_time\" content=\"2024-07-04T16:18:30+00:00\" \/>\n<meta property=\"article:modified_time\" content=\"2024-07-24T17:10:35+00:00\" \/>\n<meta property=\"og:image\" content=\"https:\/\/probelle.com.br\/wp-content\/uploads\/2024\/07\/Influenciadoras-99-1-scaled.jpg\" \/>\n\t<meta property=\"og:image:width\" content=\"1707\" \/>\n\t<meta property=\"og:image:height\" content=\"2560\" \/>\n\t<meta property=\"og:image:type\" content=\"image\/jpeg\" \/>\n<meta name=\"author\" content=\"Probelle\" \/>\n<meta name=\"twitter:card\" content=\"summary_large_image\" \/>\n<meta name=\"twitter:label1\" content=\"Escrito por\" \/>\n\t<meta name=\"twitter:data1\" content=\"Probelle\" \/>\n\t<meta name=\"twitter:label2\" content=\"Tiempo de lectura\" \/>\n\t<meta name=\"twitter:data2\" content=\"2 minutos\" \/>\n<script type=\"application\/ld+json\" class=\"yoast-schema-graph\">{\"@context\":\"https:\/\/schema.org\",\"@graph\":[{\"@type\":\"Article\",\"@id\":\"https:\/\/probelle.com.br\/es\/descubra-los-beneficios-de-utilizar-acabados-para-el-cabello-y-sin-aclarado\/#article\",\"isPartOf\":{\"@id\":\"https:\/\/probelle.com.br\/es\/descubra-los-beneficios-de-utilizar-acabados-para-el-cabello-y-sin-aclarado\/\"},\"author\":{\"name\":\"Probelle\",\"@id\":\"https:\/\/probelle.com.br\/es\/#\/schema\/person\/fddcd8ac40a2eb24db7139347f0f0cd7\"},\"headline\":\"Descubra los beneficios de utilizar acabados para el cabello y sin aclarado\",\"datePublished\":\"2024-07-04T16:18:30+00:00\",\"dateModified\":\"2024-07-24T17:10:35+00:00\",\"mainEntityOfPage\":{\"@id\":\"https:\/\/probelle.com.br\/es\/descubra-los-beneficios-de-utilizar-acabados-para-el-cabello-y-sin-aclarado\/\"},\"wordCount\":457,\"commentCount\":0,\"publisher\":{\"@id\":\"https:\/\/probelle.com.br\/es\/#organization\"},\"image\":{\"@id\":\"https:\/\/probelle.com.br\/es\/descubra-los-beneficios-de-utilizar-acabados-para-el-cabello-y-sin-aclarado\/#primaryimage\"},\"thumbnailUrl\":\"https:\/\/probelle.com.br\/wp-content\/uploads\/2024\/07\/Influenciadoras-99-1-scaled.jpg\",\"keywords\":[\"brillo del cabello\",\"control de frizz\",\"cuidado del cabello\",\"definici\u00f3n de rizo\",\"dejar-en\",\"Hidrataci\u00f3n\",\"Protecci\u00f3n t\u00e9rmica\",\"rematadores\"],\"articleSection\":[\"Blog\"],\"inLanguage\":\"es\",\"potentialAction\":[{\"@type\":\"CommentAction\",\"name\":\"Comment\",\"target\":[\"https:\/\/probelle.com.br\/es\/descubra-los-beneficios-de-utilizar-acabados-para-el-cabello-y-sin-aclarado\/#respond\"]}]},{\"@type\":\"WebPage\",\"@id\":\"https:\/\/probelle.com.br\/es\/descubra-los-beneficios-de-utilizar-acabados-para-el-cabello-y-sin-aclarado\/\",\"url\":\"https:\/\/probelle.com.br\/es\/descubra-los-beneficios-de-utilizar-acabados-para-el-cabello-y-sin-aclarado\/\",\"name\":\"Descubra los beneficios de utilizar acabados para el cabello y sin aclarado\",\"isPartOf\":{\"@id\":\"https:\/\/probelle.com.br\/es\/#website\"},\"primaryImageOfPage\":{\"@id\":\"https:\/\/probelle.com.br\/es\/descubra-los-beneficios-de-utilizar-acabados-para-el-cabello-y-sin-aclarado\/#primaryimage\"},\"image\":{\"@id\":\"https:\/\/probelle.com.br\/es\/descubra-los-beneficios-de-utilizar-acabados-para-el-cabello-y-sin-aclarado\/#primaryimage\"},\"thumbnailUrl\":\"https:\/\/probelle.com.br\/wp-content\/uploads\/2024\/07\/Influenciadoras-99-1-scaled.jpg\",\"datePublished\":\"2024-07-04T16:18:30+00:00\",\"dateModified\":\"2024-07-24T17:10:35+00:00\",\"description\":\"Explore los beneficios de usar acabados para el cabello y sin aclarado. Hidrataci\u00f3n, protecci\u00f3n, control del frizz y mucho m\u00e1s con los productos Probelle Cosm\u00e9ticos. Descubre los Serums Correctores y transforma tu cabello.\",\"breadcrumb\":{\"@id\":\"https:\/\/probelle.com.br\/es\/descubra-los-beneficios-de-utilizar-acabados-para-el-cabello-y-sin-aclarado\/#breadcrumb\"},\"inLanguage\":\"es\",\"potentialAction\":[{\"@type\":\"ReadAction\",\"target\":[\"https:\/\/probelle.com.br\/es\/descubra-los-beneficios-de-utilizar-acabados-para-el-cabello-y-sin-aclarado\/\"]}]},{\"@type\":\"ImageObject\",\"inLanguage\":\"es\",\"@id\":\"https:\/\/probelle.com.br\/es\/descubra-los-beneficios-de-utilizar-acabados-para-el-cabello-y-sin-aclarado\/#primaryimage\",\"url\":\"https:\/\/probelle.com.br\/wp-content\/uploads\/2024\/07\/Influenciadoras-99-1-scaled.jpg\",\"contentUrl\":\"https:\/\/probelle.com.br\/wp-content\/uploads\/2024\/07\/Influenciadoras-99-1-scaled.jpg\",\"width\":1707,\"height\":2560,\"caption\":\"May Pessanha e Soros Corretores\"},{\"@type\":\"BreadcrumbList\",\"@id\":\"https:\/\/probelle.com.br\/es\/descubra-los-beneficios-de-utilizar-acabados-para-el-cabello-y-sin-aclarado\/#breadcrumb\",\"itemListElement\":[{\"@type\":\"ListItem\",\"position\":1,\"name\":\"Home\",\"item\":\"https:\/\/probelle.com.br\/es\/\"},{\"@type\":\"ListItem\",\"position\":2,\"name\":\"Descubra los beneficios de utilizar acabados para el cabello y sin aclarado\"}]},{\"@type\":\"WebSite\",\"@id\":\"https:\/\/probelle.com.br\/es\/#website\",\"url\":\"https:\/\/probelle.com.br\/es\/\",\"name\":\"Probelle Cosm\u00e9ticos\",\"description\":\"Todo mundo tem em casa.\",\"publisher\":{\"@id\":\"https:\/\/probelle.com.br\/es\/#organization\"},\"potentialAction\":[{\"@type\":\"SearchAction\",\"target\":{\"@type\":\"EntryPoint\",\"urlTemplate\":\"https:\/\/probelle.com.br\/es\/?s={search_term_string}\"},\"query-input\":{\"@type\":\"PropertyValueSpecification\",\"valueRequired\":true,\"valueName\":\"search_term_string\"}}],\"inLanguage\":\"es\"},{\"@type\":\"Organization\",\"@id\":\"https:\/\/probelle.com.br\/es\/#organization\",\"name\":\"Probelle Cosm\u00e9ticos\",\"url\":\"https:\/\/probelle.com.br\/es\/\",\"logo\":{\"@type\":\"ImageObject\",\"inLanguage\":\"es\",\"@id\":\"https:\/\/probelle.com.br\/es\/#\/schema\/logo\/image\/\",\"url\":\"https:\/\/probelle.com.br\/wp-content\/uploads\/2022\/08\/Para-o-sitee.jpg\",\"contentUrl\":\"https:\/\/probelle.com.br\/wp-content\/uploads\/2022\/08\/Para-o-sitee.jpg\",\"width\":1000,\"height\":750,\"caption\":\"Probelle Cosm\u00e9ticos\"},\"image\":{\"@id\":\"https:\/\/probelle.com.br\/es\/#\/schema\/logo\/image\/\"},\"sameAs\":[\"https:\/\/www.facebook.com\/probelle\/\",\"https:\/\/www.instagram.com\/probellecosmeticos\/\",\"https:\/\/www.youtube.com\/c\/ProbelleCosm\u00e9ticos\/\",\"https:\/\/br.linkedin.com\/company\/probellecosmeticos\",\"https:\/\/br.pinterest.com\/probellecosmeticos\/\"]},{\"@type\":\"Person\",\"@id\":\"https:\/\/probelle.com.br\/es\/#\/schema\/person\/fddcd8ac40a2eb24db7139347f0f0cd7\",\"name\":\"Probelle\",\"image\":{\"@type\":\"ImageObject\",\"inLanguage\":\"es\",\"@id\":\"https:\/\/probelle.com.br\/es\/#\/schema\/person\/image\/\",\"url\":\"https:\/\/secure.gravatar.com\/avatar\/3af2193249a56bdd72714b8bcb77f776741064291773dd94b4e2ddd736c2491f?s=96&d=mm&r=g\",\"contentUrl\":\"https:\/\/secure.gravatar.com\/avatar\/3af2193249a56bdd72714b8bcb77f776741064291773dd94b4e2ddd736c2491f?s=96&d=mm&r=g\",\"caption\":\"Probelle\"},\"sameAs\":[\"http:\/\/probelle\"]}]}<\/script>\n<!-- \/ Yoast SEO Premium plugin. -->","yoast_head_json":{"title":"Descubra los beneficios de utilizar acabados para el cabello y sin aclarado","description":"Explore los beneficios de usar acabados para el cabello y sin aclarado. Hidrataci\u00f3n, protecci\u00f3n, control del frizz y mucho m\u00e1s con los productos Probelle Cosm\u00e9ticos. Descubre los Serums Correctores y transforma tu cabello.","robots":{"index":"index","follow":"follow","max-snippet":"max-snippet:-1","max-image-preview":"max-image-preview:large","max-video-preview":"max-video-preview:-1"},"canonical":"https:\/\/probelle.com.br\/es\/descubra-los-beneficios-de-utilizar-acabados-para-el-cabello-y-sin-aclarado\/","og_locale":"es_ES","og_type":"article","og_title":"Descubra los beneficios de utilizar acabados para el cabello y sin aclarado","og_description":"Explore los beneficios de usar acabados para el cabello y sin aclarado. Hidrataci\u00f3n, protecci\u00f3n, control del frizz y mucho m\u00e1s con los productos Probelle Cosm\u00e9ticos. Descubre los Serums Correctores y transforma tu cabello.","og_url":"https:\/\/probelle.com.br\/es\/descubra-los-beneficios-de-utilizar-acabados-para-el-cabello-y-sin-aclarado\/","og_site_name":"Probelle Cosm\u00e9ticos","article_publisher":"https:\/\/www.facebook.com\/probelle\/","article_published_time":"2024-07-04T16:18:30+00:00","article_modified_time":"2024-07-24T17:10:35+00:00","og_image":[{"width":1707,"height":2560,"url":"https:\/\/probelle.com.br\/wp-content\/uploads\/2024\/07\/Influenciadoras-99-1-scaled.jpg","type":"image\/jpeg"}],"author":"Probelle","twitter_card":"summary_large_image","twitter_misc":{"Escrito por":"Probelle","Tiempo de lectura":"2 minutos"},"schema":{"@context":"https:\/\/schema.org","@graph":[{"@type":"Article","@id":"https:\/\/probelle.com.br\/es\/descubra-los-beneficios-de-utilizar-acabados-para-el-cabello-y-sin-aclarado\/#article","isPartOf":{"@id":"https:\/\/probelle.com.br\/es\/descubra-los-beneficios-de-utilizar-acabados-para-el-cabello-y-sin-aclarado\/"},"author":{"name":"Probelle","@id":"https:\/\/probelle.com.br\/es\/#\/schema\/person\/fddcd8ac40a2eb24db7139347f0f0cd7"},"headline":"Descubra los beneficios de utilizar acabados para el cabello y sin aclarado","datePublished":"2024-07-04T16:18:30+00:00","dateModified":"2024-07-24T17:10:35+00:00","mainEntityOfPage":{"@id":"https:\/\/probelle.com.br\/es\/descubra-los-beneficios-de-utilizar-acabados-para-el-cabello-y-sin-aclarado\/"},"wordCount":457,"commentCount":0,"publisher":{"@id":"https:\/\/probelle.com.br\/es\/#organization"},"image":{"@id":"https:\/\/probelle.com.br\/es\/descubra-los-beneficios-de-utilizar-acabados-para-el-cabello-y-sin-aclarado\/#primaryimage"},"thumbnailUrl":"https:\/\/probelle.com.br\/wp-content\/uploads\/2024\/07\/Influenciadoras-99-1-scaled.jpg","keywords":["brillo del cabello","control de frizz","cuidado del cabello","definici\u00f3n de rizo","dejar-en","Hidrataci\u00f3n","Protecci\u00f3n t\u00e9rmica","rematadores"],"articleSection":["Blog"],"inLanguage":"es","potentialAction":[{"@type":"CommentAction","name":"Comment","target":["https:\/\/probelle.com.br\/es\/descubra-los-beneficios-de-utilizar-acabados-para-el-cabello-y-sin-aclarado\/#respond"]}]},{"@type":"WebPage","@id":"https:\/\/probelle.com.br\/es\/descubra-los-beneficios-de-utilizar-acabados-para-el-cabello-y-sin-aclarado\/","url":"https:\/\/probelle.com.br\/es\/descubra-los-beneficios-de-utilizar-acabados-para-el-cabello-y-sin-aclarado\/","name":"Descubra los beneficios de utilizar acabados para el cabello y sin aclarado","isPartOf":{"@id":"https:\/\/probelle.com.br\/es\/#website"},"primaryImageOfPage":{"@id":"https:\/\/probelle.com.br\/es\/descubra-los-beneficios-de-utilizar-acabados-para-el-cabello-y-sin-aclarado\/#primaryimage"},"image":{"@id":"https:\/\/probelle.com.br\/es\/descubra-los-beneficios-de-utilizar-acabados-para-el-cabello-y-sin-aclarado\/#primaryimage"},"thumbnailUrl":"https:\/\/probelle.com.br\/wp-content\/uploads\/2024\/07\/Influenciadoras-99-1-scaled.jpg","datePublished":"2024-07-04T16:18:30+00:00","dateModified":"2024-07-24T17:10:35+00:00","description":"Explore los beneficios de usar acabados para el cabello y sin aclarado. Hidrataci\u00f3n, protecci\u00f3n, control del frizz y mucho m\u00e1s con los productos Probelle Cosm\u00e9ticos. Descubre los Serums Correctores y transforma tu cabello.","breadcrumb":{"@id":"https:\/\/probelle.com.br\/es\/descubra-los-beneficios-de-utilizar-acabados-para-el-cabello-y-sin-aclarado\/#breadcrumb"},"inLanguage":"es","potentialAction":[{"@type":"ReadAction","target":["https:\/\/probelle.com.br\/es\/descubra-los-beneficios-de-utilizar-acabados-para-el-cabello-y-sin-aclarado\/"]}]},{"@type":"ImageObject","inLanguage":"es","@id":"https:\/\/probelle.com.br\/es\/descubra-los-beneficios-de-utilizar-acabados-para-el-cabello-y-sin-aclarado\/#primaryimage","url":"https:\/\/probelle.com.br\/wp-content\/uploads\/2024\/07\/Influenciadoras-99-1-scaled.jpg","contentUrl":"https:\/\/probelle.com.br\/wp-content\/uploads\/2024\/07\/Influenciadoras-99-1-scaled.jpg","width":1707,"height":2560,"caption":"May Pessanha e Soros Corretores"},{"@type":"BreadcrumbList","@id":"https:\/\/probelle.com.br\/es\/descubra-los-beneficios-de-utilizar-acabados-para-el-cabello-y-sin-aclarado\/#breadcrumb","itemListElement":[{"@type":"ListItem","position":1,"name":"Home","item":"https:\/\/probelle.com.br\/es\/"},{"@type":"ListItem","position":2,"name":"Descubra los beneficios de utilizar acabados para el cabello y sin aclarado"}]},{"@type":"WebSite","@id":"https:\/\/probelle.com.br\/es\/#website","url":"https:\/\/probelle.com.br\/es\/","name":"Probelle Cosm\u00e9ticos","description":"Todo mundo tem em casa.","publisher":{"@id":"https:\/\/probelle.com.br\/es\/#organization"},"potentialAction":[{"@type":"SearchAction","target":{"@type":"EntryPoint","urlTemplate":"https:\/\/probelle.com.br\/es\/?s={search_term_string}"},"query-input":{"@type":"PropertyValueSpecification","valueRequired":true,"valueName":"search_term_string"}}],"inLanguage":"es"},{"@type":"Organization","@id":"https:\/\/probelle.com.br\/es\/#organization","name":"Probelle Cosm\u00e9ticos","url":"https:\/\/probelle.com.br\/es\/","logo":{"@type":"ImageObject","inLanguage":"es","@id":"https:\/\/probelle.com.br\/es\/#\/schema\/logo\/image\/","url":"https:\/\/probelle.com.br\/wp-content\/uploads\/2022\/08\/Para-o-sitee.jpg","contentUrl":"https:\/\/probelle.com.br\/wp-content\/uploads\/2022\/08\/Para-o-sitee.jpg","width":1000,"height":750,"caption":"Probelle Cosm\u00e9ticos"},"image":{"@id":"https:\/\/probelle.com.br\/es\/#\/schema\/logo\/image\/"},"sameAs":["https:\/\/www.facebook.com\/probelle\/","https:\/\/www.instagram.com\/probellecosmeticos\/","https:\/\/www.youtube.com\/c\/ProbelleCosm\u00e9ticos\/","https:\/\/br.linkedin.com\/company\/probellecosmeticos","https:\/\/br.pinterest.com\/probellecosmeticos\/"]},{"@type":"Person","@id":"https:\/\/probelle.com.br\/es\/#\/schema\/person\/fddcd8ac40a2eb24db7139347f0f0cd7","name":"Probelle","image":{"@type":"ImageObject","inLanguage":"es","@id":"https:\/\/probelle.com.br\/es\/#\/schema\/person\/image\/","url":"https:\/\/secure.gravatar.com\/avatar\/3af2193249a56bdd72714b8bcb77f776741064291773dd94b4e2ddd736c2491f?s=96&d=mm&r=g","contentUrl":"https:\/\/secure.gravatar.com\/avatar\/3af2193249a56bdd72714b8bcb77f776741064291773dd94b4e2ddd736c2491f?s=96&d=mm&r=g","caption":"Probelle"},"sameAs":["http:\/\/probelle"]}]}},"_links":{"self":[{"href":"https:\/\/probelle.com.br\/es\/wp-json\/wp\/v2\/posts\/28688","targetHints":{"allow":["GET"]}}],"collection":[{"href":"https:\/\/probelle.com.br\/es\/wp-json\/wp\/v2\/posts"}],"about":[{"href":"https:\/\/probelle.com.br\/es\/wp-json\/wp\/v2\/types\/post"}],"author":[{"embeddable":true,"href":"https:\/\/probelle.com.br\/es\/wp-json\/wp\/v2\/users\/2"}],"replies":[{"embeddable":true,"href":"https:\/\/probelle.com.br\/es\/wp-json\/wp\/v2\/comments?post=28688"}],"version-history":[{"count":1,"href":"https:\/\/probelle.com.br\/es\/wp-json\/wp\/v2\/posts\/28688\/revisions"}],"predecessor-version":[{"id":28689,"href":"https:\/\/probelle.com.br\/es\/wp-json\/wp\/v2\/posts\/28688\/revisions\/28689"}],"wp:featuredmedia":[{"embeddable":true,"href":"https:\/\/probelle.com.br\/es\/wp-json\/wp\/v2\/media\/27246"}],"wp:attachment":[{"href":"https:\/\/probelle.com.br\/es\/wp-json\/wp\/v2\/media?parent=28688"}],"wp:term":[{"taxonomy":"category","embeddable":true,"href":"https:\/\/probelle.com.br\/es\/wp-json\/wp\/v2\/categories?post=28688"},{"taxonomy":"post_tag","embeddable":true,"href":"https:\/\/probelle.com.br\/es\/wp-json\/wp\/v2\/tags?post=28688"}],"curies":[{"name":"wp","href":"https:\/\/api.w.org\/{rel}","templated":true}]}}