{"id":20905,"date":"2023-01-20T13:31:39","date_gmt":"2023-01-20T16:31:39","guid":{"rendered":"https:\/\/probelle.com.br\/hair-loss-what-causes-it-and-how-to-treat-it\/"},"modified":"2023-04-25T17:20:16","modified_gmt":"2023-04-25T20:20:16","slug":"hair-loss-what-causes-it-and-how-to-treat-it","status":"publish","type":"post","link":"https:\/\/probelle.com.br\/en\/hair-loss-what-causes-it-and-how-to-treat-it\/","title":{"rendered":"Hair loss &#8211; What causes it and how to treat it"},"content":{"rendered":"\n<figure class=\"wp-block-image size-large\"><picture><source srcset=\"https:\/\/probelle.com.br\/wp-content\/webp-express\/webp-images\/uploads\/2023\/01\/cronograma-capilar-3-1024x576.png.webp 1024w, https:\/\/probelle.com.br\/wp-content\/webp-express\/webp-images\/uploads\/2023\/01\/cronograma-capilar-3-300x169.png.webp 300w, https:\/\/probelle.com.br\/wp-content\/webp-express\/webp-images\/uploads\/2023\/01\/cronograma-capilar-3-768x432.png.webp 768w, https:\/\/probelle.com.br\/wp-content\/webp-express\/webp-images\/uploads\/2023\/01\/cronograma-capilar-3-1536x864.png.webp 1536w, https:\/\/probelle.com.br\/wp-content\/webp-express\/webp-images\/uploads\/2023\/01\/cronograma-capilar-3-2048x1152.png.webp 2048w\" sizes=\"(max-width: 767px) 89vw, (max-width: 1000px) 54vw, (max-width: 1071px) 543px, 580px\" type=\"image\/webp\"><img fetchpriority=\"high\" decoding=\"async\" width=\"1024\" height=\"576\" src=\"https:\/\/probelle.com.br\/wp-content\/uploads\/2023\/01\/cronograma-capilar-3-1024x576.png\" alt=\"\" class=\"wp-image-15580 webpexpress-processed\" srcset=\"https:\/\/probelle.com.br\/wp-content\/uploads\/2023\/01\/cronograma-capilar-3-1024x576.png 1024w, https:\/\/probelle.com.br\/wp-content\/uploads\/2023\/01\/cronograma-capilar-3-300x169.png 300w, https:\/\/probelle.com.br\/wp-content\/uploads\/2023\/01\/cronograma-capilar-3-768x432.png 768w, https:\/\/probelle.com.br\/wp-content\/uploads\/2023\/01\/cronograma-capilar-3-1536x864.png 1536w, https:\/\/probelle.com.br\/wp-content\/uploads\/2023\/01\/cronograma-capilar-3-2048x1152.png 2048w\" sizes=\"(max-width: 767px) 89vw, (max-width: 1000px) 54vw, (max-width: 1071px) 543px, 580px\"><\/picture><\/figure>\n\n<p>Controlled hair loss is not a sign of concern, as daily loss of 60 to 100 strands is normal, as it has cycles of growth, rest and loss. When the fall is accentuated, it is a problem that needs to be investigated and taken care of. Usually the cause can be related to several reasons, such as anemia, stress, post <em>COVID-19<\/em> malnutrition, among others.<\/p>\n\n<p>As a good connoisseur of our bodies, we can observe some of the most common causes for this problem, but the exact reason can only be diagnosed by your dermatologist. The lack of vitamins and nutrients is one of the most common reasons that increase hair loss and impair the hair growth phase.<\/p>\n\n<p>Another villain that causes the onset of hair loss is well known among women: hormonal changes, which can occur at different times in life, such as adolescence, when starting a new contraceptive method or even during or after pregnancy.<\/p>\n\n<p>The most serious cases of hair loss can occur due to the use of chemical products, in excess or not, indicated for a certain type of hair. Chemical cutting is a very common consequence, and to avoid it, it is <em>IMPERATIVE <\/em>that before the procedure the wires are properly evaluated, and preferably by a professional.<\/p>\n\n<p class=\"has-text-align-center has-large-font-size\"><strong>How to prevent hair loss<\/strong><\/p>\n\n<p>There are some precautions that must be taken to avoid this problem that we fear so much, and which is so inimical to self-esteem. To help keep your scalp and hair healthy, it&#8217;s important to try to have a balanced and healthy diet and keep your exams up to date and consult your dermatologist regularly. Sharp falls should always have the help of a professional in the treatment.<\/p>\n\n<p>More care when untangling the hair, avoiding tight hairstyles, washing the hair regularly (not forgetting to massage the scalp) and avoiding hot water are some of the actions that can temporarily inhibit hair loss.<\/p>\n\n<p><strong>PROBELLE COSMETICS&#8217; ANTI-FALL LINE <\/strong> is a reference when it comes to preventing this type of problem. Our beautiful ones can count on shampoo, conditioner, mask and crystallizer polish that have eleven innovative actives with the power to regenerate the threads from the medulla to the cuticle, bringing as a result an intense repair and, thus, providing the growth of the threads.<\/p>\n\n<figure class=\"wp-block-gallery has-nested-images columns-default is-cropped wp-block-gallery-1 is-layout-flex wp-block-gallery-is-layout-flex\">\n<figure class=\"wp-block-image size-large\"><picture><source srcset=\"https:\/\/probelle.com.br\/wp-content\/webp-express\/webp-images\/uploads\/2023\/01\/Foto-Antiqueda-1-1024x1024.png.webp 1024w, https:\/\/probelle.com.br\/wp-content\/webp-express\/webp-images\/uploads\/2023\/01\/Foto-Antiqueda-1-300x300.png.webp 300w, https:\/\/probelle.com.br\/wp-content\/webp-express\/webp-images\/uploads\/2023\/01\/Foto-Antiqueda-1-150x150.png.webp 150w, https:\/\/probelle.com.br\/wp-content\/webp-express\/webp-images\/uploads\/2023\/01\/Foto-Antiqueda-1-768x768.png.webp 768w, https:\/\/probelle.com.br\/wp-content\/webp-express\/webp-images\/uploads\/2023\/01\/Foto-Antiqueda-1-100x100.png.webp 100w, https:\/\/probelle.com.br\/wp-content\/webp-express\/webp-images\/uploads\/2023\/01\/Foto-Antiqueda-1.png.webp 1080w\" sizes=\"(max-width: 767px) 89vw, (max-width: 1000px) 54vw, (max-width: 1071px) 543px, 580px\" type=\"image\/webp\"><img decoding=\"async\" width=\"1024\" height=\"1024\" data-id=\"15591\" src=\"https:\/\/probelle.com.br\/wp-content\/uploads\/2023\/01\/Foto-Antiqueda-1-1024x1024.png\" alt=\"\" class=\"wp-image-15591 webpexpress-processed\" srcset=\"https:\/\/probelle.com.br\/wp-content\/uploads\/2023\/01\/Foto-Antiqueda-1-1024x1024.png 1024w, https:\/\/probelle.com.br\/wp-content\/uploads\/2023\/01\/Foto-Antiqueda-1-300x300.png 300w, https:\/\/probelle.com.br\/wp-content\/uploads\/2023\/01\/Foto-Antiqueda-1-150x150.png 150w, https:\/\/probelle.com.br\/wp-content\/uploads\/2023\/01\/Foto-Antiqueda-1-768x768.png 768w, https:\/\/probelle.com.br\/wp-content\/uploads\/2023\/01\/Foto-Antiqueda-1-100x100.png 100w, https:\/\/probelle.com.br\/wp-content\/uploads\/2023\/01\/Foto-Antiqueda-1.png 1080w\" sizes=\"(max-width: 767px) 89vw, (max-width: 1000px) 54vw, (max-width: 1071px) 543px, 580px\"><\/picture><\/figure>\n<\/figure>\n","protected":false},"excerpt":{"rendered":"<p>When the fall is accentuated, it is a problem that needs to be investigated and taken care of. Generally, the cause can be related to several reasons, such as anemia, stress, post-COVID-19 malnutrition, among others.<\/p>\n","protected":false},"author":3,"featured_media":17966,"comment_status":"open","ping_status":"open","sticky":false,"template":"","format":"standard","meta":{"_joinchat":[],"footnotes":""},"categories":[149],"tags":[192,184,185,187,188,190,191],"class_list":["post-20905","post","type-post","status-publish","format-standard","has-post-thumbnail","hentry","category-blog-en","tag-anti-queda-capilar-en","tag-dicas-para-cabelos-cacheados-en","tag-dicas-para-os-cabelos-en","tag-nutricao-en","tag-reconstrucao-en","tag-rotina-capilar-en","tag-transicao-capilar-en"],"yoast_head":"<!-- This site is optimized with the Yoast SEO Premium plugin v23.5 (Yoast SEO v26.5) - https:\/\/yoast.com\/wordpress\/plugins\/seo\/ -->\n<title>Hair loss - What causes it and how to treat it ~ Probelle Cosm\u00e9ticos<\/title>\n<meta name=\"description\" content=\"When the fall is accentuated, it is a problem that needs to be investigated and taken care of. Generally, the cause can be related to several reasons, such as anemia, stress, post-COVID-19 malnutrition, among others.\" \/>\n<meta name=\"robots\" content=\"index, follow, max-snippet:-1, max-image-preview:large, max-video-preview:-1\" \/>\n<link rel=\"canonical\" href=\"https:\/\/probelle.com.br\/en\/hair-loss-what-causes-it-and-how-to-treat-it\/\" \/>\n<meta property=\"og:locale\" content=\"en_US\" \/>\n<meta property=\"og:type\" content=\"article\" \/>\n<meta property=\"og:title\" content=\"Hair loss - What causes it and how to treat it\" \/>\n<meta property=\"og:description\" content=\"When the fall is accentuated, it is a problem that needs to be investigated and taken care of. Generally, the cause can be related to several reasons, such as anemia, stress, post-COVID-19 malnutrition, among others.\" \/>\n<meta property=\"og:url\" content=\"https:\/\/probelle.com.br\/en\/hair-loss-what-causes-it-and-how-to-treat-it\/\" \/>\n<meta property=\"og:site_name\" content=\"Probelle Cosm\u00e9ticos\" \/>\n<meta property=\"article:publisher\" content=\"https:\/\/www.facebook.com\/probelle\/\" \/>\n<meta property=\"article:published_time\" content=\"2023-01-20T16:31:39+00:00\" \/>\n<meta property=\"article:modified_time\" content=\"2023-04-25T20:20:16+00:00\" \/>\n<meta property=\"og:image\" content=\"https:\/\/probelle.com.br\/wp-content\/uploads\/2023\/01\/Foto-Antiqueda-1-300x300.png\" \/>\n<meta name=\"author\" content=\"Douglas\" \/>\n<meta name=\"twitter:card\" content=\"summary_large_image\" \/>\n<meta name=\"twitter:label1\" content=\"Written by\" \/>\n\t<meta name=\"twitter:data1\" content=\"Douglas\" \/>\n\t<meta name=\"twitter:label2\" content=\"Est. reading time\" \/>\n\t<meta name=\"twitter:data2\" content=\"2 minutes\" \/>\n<script type=\"application\/ld+json\" class=\"yoast-schema-graph\">{\"@context\":\"https:\/\/schema.org\",\"@graph\":[{\"@type\":\"Article\",\"@id\":\"https:\/\/probelle.com.br\/en\/hair-loss-what-causes-it-and-how-to-treat-it\/#article\",\"isPartOf\":{\"@id\":\"https:\/\/probelle.com.br\/en\/hair-loss-what-causes-it-and-how-to-treat-it\/\"},\"author\":{\"name\":\"Douglas\",\"@id\":\"https:\/\/probelle.com.br\/en\/#\/schema\/person\/81f40225eac793a61e629b3a7ef16a8b\"},\"headline\":\"Hair loss &#8211; What causes it and how to treat it\",\"datePublished\":\"2023-01-20T16:31:39+00:00\",\"dateModified\":\"2023-04-25T20:20:16+00:00\",\"mainEntityOfPage\":{\"@id\":\"https:\/\/probelle.com.br\/en\/hair-loss-what-causes-it-and-how-to-treat-it\/\"},\"wordCount\":388,\"commentCount\":0,\"publisher\":{\"@id\":\"https:\/\/probelle.com.br\/en\/#organization\"},\"image\":{\"@id\":\"https:\/\/probelle.com.br\/en\/hair-loss-what-causes-it-and-how-to-treat-it\/#primaryimage\"},\"thumbnailUrl\":\"https:\/\/probelle.com.br\/wp-content\/uploads\/2023\/01\/Foto-Antiqueda.png\",\"keywords\":[\"Anti Queda capilar\",\"Dicas para cabelos cacheados\",\"Dicas para os cabelos\",\"Nutri\u00e7\u00e3o\",\"Reconstru\u00e7\u00e3o\",\"Rotina capilar\",\"Transi\u00e7\u00e3o Capilar\"],\"articleSection\":[\"Blog\"],\"inLanguage\":\"en-US\",\"potentialAction\":[{\"@type\":\"CommentAction\",\"name\":\"Comment\",\"target\":[\"https:\/\/probelle.com.br\/en\/hair-loss-what-causes-it-and-how-to-treat-it\/#respond\"]}]},{\"@type\":\"WebPage\",\"@id\":\"https:\/\/probelle.com.br\/en\/hair-loss-what-causes-it-and-how-to-treat-it\/\",\"url\":\"https:\/\/probelle.com.br\/en\/hair-loss-what-causes-it-and-how-to-treat-it\/\",\"name\":\"Hair loss - What causes it and how to treat it ~ Probelle Cosm\u00e9ticos\",\"isPartOf\":{\"@id\":\"https:\/\/probelle.com.br\/en\/#website\"},\"primaryImageOfPage\":{\"@id\":\"https:\/\/probelle.com.br\/en\/hair-loss-what-causes-it-and-how-to-treat-it\/#primaryimage\"},\"image\":{\"@id\":\"https:\/\/probelle.com.br\/en\/hair-loss-what-causes-it-and-how-to-treat-it\/#primaryimage\"},\"thumbnailUrl\":\"https:\/\/probelle.com.br\/wp-content\/uploads\/2023\/01\/Foto-Antiqueda.png\",\"datePublished\":\"2023-01-20T16:31:39+00:00\",\"dateModified\":\"2023-04-25T20:20:16+00:00\",\"description\":\"When the fall is accentuated, it is a problem that needs to be investigated and taken care of. Generally, the cause can be related to several reasons, such as anemia, stress, post-COVID-19 malnutrition, among others.\",\"breadcrumb\":{\"@id\":\"https:\/\/probelle.com.br\/en\/hair-loss-what-causes-it-and-how-to-treat-it\/#breadcrumb\"},\"inLanguage\":\"en-US\",\"potentialAction\":[{\"@type\":\"ReadAction\",\"target\":[\"https:\/\/probelle.com.br\/en\/hair-loss-what-causes-it-and-how-to-treat-it\/\"]}]},{\"@type\":\"ImageObject\",\"inLanguage\":\"en-US\",\"@id\":\"https:\/\/probelle.com.br\/en\/hair-loss-what-causes-it-and-how-to-treat-it\/#primaryimage\",\"url\":\"https:\/\/probelle.com.br\/wp-content\/uploads\/2023\/01\/Foto-Antiqueda.png\",\"contentUrl\":\"https:\/\/probelle.com.br\/wp-content\/uploads\/2023\/01\/Foto-Antiqueda.png\",\"width\":1080,\"height\":1080},{\"@type\":\"BreadcrumbList\",\"@id\":\"https:\/\/probelle.com.br\/en\/hair-loss-what-causes-it-and-how-to-treat-it\/#breadcrumb\",\"itemListElement\":[{\"@type\":\"ListItem\",\"position\":1,\"name\":\"Home\",\"item\":\"https:\/\/probelle.com.br\/en\/\"},{\"@type\":\"ListItem\",\"position\":2,\"name\":\"Hair loss &#8211; What causes it and how to treat it\"}]},{\"@type\":\"WebSite\",\"@id\":\"https:\/\/probelle.com.br\/en\/#website\",\"url\":\"https:\/\/probelle.com.br\/en\/\",\"name\":\"Probelle Cosm\u00e9ticos\",\"description\":\"Todo mundo tem em casa.\",\"publisher\":{\"@id\":\"https:\/\/probelle.com.br\/en\/#organization\"},\"potentialAction\":[{\"@type\":\"SearchAction\",\"target\":{\"@type\":\"EntryPoint\",\"urlTemplate\":\"https:\/\/probelle.com.br\/en\/?s={search_term_string}\"},\"query-input\":{\"@type\":\"PropertyValueSpecification\",\"valueRequired\":true,\"valueName\":\"search_term_string\"}}],\"inLanguage\":\"en-US\"},{\"@type\":\"Organization\",\"@id\":\"https:\/\/probelle.com.br\/en\/#organization\",\"name\":\"Probelle Cosm\u00e9ticos\",\"url\":\"https:\/\/probelle.com.br\/en\/\",\"logo\":{\"@type\":\"ImageObject\",\"inLanguage\":\"en-US\",\"@id\":\"https:\/\/probelle.com.br\/en\/#\/schema\/logo\/image\/\",\"url\":\"https:\/\/probelle.com.br\/wp-content\/uploads\/2022\/08\/Para-o-sitee.jpg\",\"contentUrl\":\"https:\/\/probelle.com.br\/wp-content\/uploads\/2022\/08\/Para-o-sitee.jpg\",\"width\":1000,\"height\":750,\"caption\":\"Probelle Cosm\u00e9ticos\"},\"image\":{\"@id\":\"https:\/\/probelle.com.br\/en\/#\/schema\/logo\/image\/\"},\"sameAs\":[\"https:\/\/www.facebook.com\/probelle\/\",\"https:\/\/www.instagram.com\/probellecosmeticos\/\",\"https:\/\/www.youtube.com\/c\/ProbelleCosm\u00e9ticos\/\",\"https:\/\/br.linkedin.com\/company\/probellecosmeticos\",\"https:\/\/br.pinterest.com\/probellecosmeticos\/\"]},{\"@type\":\"Person\",\"@id\":\"https:\/\/probelle.com.br\/en\/#\/schema\/person\/81f40225eac793a61e629b3a7ef16a8b\",\"name\":\"Douglas\",\"image\":{\"@type\":\"ImageObject\",\"inLanguage\":\"en-US\",\"@id\":\"https:\/\/probelle.com.br\/en\/#\/schema\/person\/image\/\",\"url\":\"https:\/\/secure.gravatar.com\/avatar\/d0c439a962f1c49a6bd820e2d648bbeb9856e33bc138b8e681d36960a3e432df?s=96&d=mm&r=g\",\"contentUrl\":\"https:\/\/secure.gravatar.com\/avatar\/d0c439a962f1c49a6bd820e2d648bbeb9856e33bc138b8e681d36960a3e432df?s=96&d=mm&r=g\",\"caption\":\"Douglas\"}}]}<\/script>\n<!-- \/ Yoast SEO Premium plugin. -->","yoast_head_json":{"title":"Hair loss - What causes it and how to treat it ~ Probelle Cosm\u00e9ticos","description":"When the fall is accentuated, it is a problem that needs to be investigated and taken care of. Generally, the cause can be related to several reasons, such as anemia, stress, post-COVID-19 malnutrition, among others.","robots":{"index":"index","follow":"follow","max-snippet":"max-snippet:-1","max-image-preview":"max-image-preview:large","max-video-preview":"max-video-preview:-1"},"canonical":"https:\/\/probelle.com.br\/en\/hair-loss-what-causes-it-and-how-to-treat-it\/","og_locale":"en_US","og_type":"article","og_title":"Hair loss - What causes it and how to treat it","og_description":"When the fall is accentuated, it is a problem that needs to be investigated and taken care of. Generally, the cause can be related to several reasons, such as anemia, stress, post-COVID-19 malnutrition, among others.","og_url":"https:\/\/probelle.com.br\/en\/hair-loss-what-causes-it-and-how-to-treat-it\/","og_site_name":"Probelle Cosm\u00e9ticos","article_publisher":"https:\/\/www.facebook.com\/probelle\/","article_published_time":"2023-01-20T16:31:39+00:00","article_modified_time":"2023-04-25T20:20:16+00:00","og_image":[{"url":"https:\/\/probelle.com.br\/wp-content\/uploads\/2023\/01\/Foto-Antiqueda-1-300x300.png","type":"","width":"","height":""}],"author":"Douglas","twitter_card":"summary_large_image","twitter_misc":{"Written by":"Douglas","Est. reading time":"2 minutes"},"schema":{"@context":"https:\/\/schema.org","@graph":[{"@type":"Article","@id":"https:\/\/probelle.com.br\/en\/hair-loss-what-causes-it-and-how-to-treat-it\/#article","isPartOf":{"@id":"https:\/\/probelle.com.br\/en\/hair-loss-what-causes-it-and-how-to-treat-it\/"},"author":{"name":"Douglas","@id":"https:\/\/probelle.com.br\/en\/#\/schema\/person\/81f40225eac793a61e629b3a7ef16a8b"},"headline":"Hair loss &#8211; What causes it and how to treat it","datePublished":"2023-01-20T16:31:39+00:00","dateModified":"2023-04-25T20:20:16+00:00","mainEntityOfPage":{"@id":"https:\/\/probelle.com.br\/en\/hair-loss-what-causes-it-and-how-to-treat-it\/"},"wordCount":388,"commentCount":0,"publisher":{"@id":"https:\/\/probelle.com.br\/en\/#organization"},"image":{"@id":"https:\/\/probelle.com.br\/en\/hair-loss-what-causes-it-and-how-to-treat-it\/#primaryimage"},"thumbnailUrl":"https:\/\/probelle.com.br\/wp-content\/uploads\/2023\/01\/Foto-Antiqueda.png","keywords":["Anti Queda capilar","Dicas para cabelos cacheados","Dicas para os cabelos","Nutri\u00e7\u00e3o","Reconstru\u00e7\u00e3o","Rotina capilar","Transi\u00e7\u00e3o Capilar"],"articleSection":["Blog"],"inLanguage":"en-US","potentialAction":[{"@type":"CommentAction","name":"Comment","target":["https:\/\/probelle.com.br\/en\/hair-loss-what-causes-it-and-how-to-treat-it\/#respond"]}]},{"@type":"WebPage","@id":"https:\/\/probelle.com.br\/en\/hair-loss-what-causes-it-and-how-to-treat-it\/","url":"https:\/\/probelle.com.br\/en\/hair-loss-what-causes-it-and-how-to-treat-it\/","name":"Hair loss - What causes it and how to treat it ~ Probelle Cosm\u00e9ticos","isPartOf":{"@id":"https:\/\/probelle.com.br\/en\/#website"},"primaryImageOfPage":{"@id":"https:\/\/probelle.com.br\/en\/hair-loss-what-causes-it-and-how-to-treat-it\/#primaryimage"},"image":{"@id":"https:\/\/probelle.com.br\/en\/hair-loss-what-causes-it-and-how-to-treat-it\/#primaryimage"},"thumbnailUrl":"https:\/\/probelle.com.br\/wp-content\/uploads\/2023\/01\/Foto-Antiqueda.png","datePublished":"2023-01-20T16:31:39+00:00","dateModified":"2023-04-25T20:20:16+00:00","description":"When the fall is accentuated, it is a problem that needs to be investigated and taken care of. Generally, the cause can be related to several reasons, such as anemia, stress, post-COVID-19 malnutrition, among others.","breadcrumb":{"@id":"https:\/\/probelle.com.br\/en\/hair-loss-what-causes-it-and-how-to-treat-it\/#breadcrumb"},"inLanguage":"en-US","potentialAction":[{"@type":"ReadAction","target":["https:\/\/probelle.com.br\/en\/hair-loss-what-causes-it-and-how-to-treat-it\/"]}]},{"@type":"ImageObject","inLanguage":"en-US","@id":"https:\/\/probelle.com.br\/en\/hair-loss-what-causes-it-and-how-to-treat-it\/#primaryimage","url":"https:\/\/probelle.com.br\/wp-content\/uploads\/2023\/01\/Foto-Antiqueda.png","contentUrl":"https:\/\/probelle.com.br\/wp-content\/uploads\/2023\/01\/Foto-Antiqueda.png","width":1080,"height":1080},{"@type":"BreadcrumbList","@id":"https:\/\/probelle.com.br\/en\/hair-loss-what-causes-it-and-how-to-treat-it\/#breadcrumb","itemListElement":[{"@type":"ListItem","position":1,"name":"Home","item":"https:\/\/probelle.com.br\/en\/"},{"@type":"ListItem","position":2,"name":"Hair loss &#8211; What causes it and how to treat it"}]},{"@type":"WebSite","@id":"https:\/\/probelle.com.br\/en\/#website","url":"https:\/\/probelle.com.br\/en\/","name":"Probelle Cosm\u00e9ticos","description":"Todo mundo tem em casa.","publisher":{"@id":"https:\/\/probelle.com.br\/en\/#organization"},"potentialAction":[{"@type":"SearchAction","target":{"@type":"EntryPoint","urlTemplate":"https:\/\/probelle.com.br\/en\/?s={search_term_string}"},"query-input":{"@type":"PropertyValueSpecification","valueRequired":true,"valueName":"search_term_string"}}],"inLanguage":"en-US"},{"@type":"Organization","@id":"https:\/\/probelle.com.br\/en\/#organization","name":"Probelle Cosm\u00e9ticos","url":"https:\/\/probelle.com.br\/en\/","logo":{"@type":"ImageObject","inLanguage":"en-US","@id":"https:\/\/probelle.com.br\/en\/#\/schema\/logo\/image\/","url":"https:\/\/probelle.com.br\/wp-content\/uploads\/2022\/08\/Para-o-sitee.jpg","contentUrl":"https:\/\/probelle.com.br\/wp-content\/uploads\/2022\/08\/Para-o-sitee.jpg","width":1000,"height":750,"caption":"Probelle Cosm\u00e9ticos"},"image":{"@id":"https:\/\/probelle.com.br\/en\/#\/schema\/logo\/image\/"},"sameAs":["https:\/\/www.facebook.com\/probelle\/","https:\/\/www.instagram.com\/probellecosmeticos\/","https:\/\/www.youtube.com\/c\/ProbelleCosm\u00e9ticos\/","https:\/\/br.linkedin.com\/company\/probellecosmeticos","https:\/\/br.pinterest.com\/probellecosmeticos\/"]},{"@type":"Person","@id":"https:\/\/probelle.com.br\/en\/#\/schema\/person\/81f40225eac793a61e629b3a7ef16a8b","name":"Douglas","image":{"@type":"ImageObject","inLanguage":"en-US","@id":"https:\/\/probelle.com.br\/en\/#\/schema\/person\/image\/","url":"https:\/\/secure.gravatar.com\/avatar\/d0c439a962f1c49a6bd820e2d648bbeb9856e33bc138b8e681d36960a3e432df?s=96&d=mm&r=g","contentUrl":"https:\/\/secure.gravatar.com\/avatar\/d0c439a962f1c49a6bd820e2d648bbeb9856e33bc138b8e681d36960a3e432df?s=96&d=mm&r=g","caption":"Douglas"}}]}},"_links":{"self":[{"href":"https:\/\/probelle.com.br\/en\/wp-json\/wp\/v2\/posts\/20905","targetHints":{"allow":["GET"]}}],"collection":[{"href":"https:\/\/probelle.com.br\/en\/wp-json\/wp\/v2\/posts"}],"about":[{"href":"https:\/\/probelle.com.br\/en\/wp-json\/wp\/v2\/types\/post"}],"author":[{"embeddable":true,"href":"https:\/\/probelle.com.br\/en\/wp-json\/wp\/v2\/users\/3"}],"replies":[{"embeddable":true,"href":"https:\/\/probelle.com.br\/en\/wp-json\/wp\/v2\/comments?post=20905"}],"version-history":[{"count":1,"href":"https:\/\/probelle.com.br\/en\/wp-json\/wp\/v2\/posts\/20905\/revisions"}],"predecessor-version":[{"id":20906,"href":"https:\/\/probelle.com.br\/en\/wp-json\/wp\/v2\/posts\/20905\/revisions\/20906"}],"wp:featuredmedia":[{"embeddable":true,"href":"https:\/\/probelle.com.br\/en\/wp-json\/wp\/v2\/media\/17966"}],"wp:attachment":[{"href":"https:\/\/probelle.com.br\/en\/wp-json\/wp\/v2\/media?parent=20905"}],"wp:term":[{"taxonomy":"category","embeddable":true,"href":"https:\/\/probelle.com.br\/en\/wp-json\/wp\/v2\/categories?post=20905"},{"taxonomy":"post_tag","embeddable":true,"href":"https:\/\/probelle.com.br\/en\/wp-json\/wp\/v2\/tags?post=20905"}],"curies":[{"name":"wp","href":"https:\/\/api.w.org\/{rel}","templated":true}]}}