{"id":20899,"date":"2022-12-28T17:04:35","date_gmt":"2022-12-28T20:04:35","guid":{"rendered":"https:\/\/probelle.com.br\/blond-hair-care-in-the-summer\/"},"modified":"2023-04-25T17:14:23","modified_gmt":"2023-04-25T20:14:23","slug":"blond-hair-care-in-the-summer","status":"publish","type":"post","link":"https:\/\/probelle.com.br\/en\/blond-hair-care-in-the-summer\/","title":{"rendered":"BLOND HAIR CARE IN THE SUMMER"},"content":{"rendered":"\n<p>Blond hair, in any season, is known for the demand for care it requires. However, now in summer, due to greater exposure to pool and sea water, in addition to rising temperatures, these precautions must be redoubled to avoid damage such as breakage, stains, dryness, etc.<\/p>\n\n<p>So how to take care of hair this summer? To keep you away from these problems and keep your hair impeccable in the hottest season of the year, we&#8217;ve brought you 5 tips for you to enjoy carefree summer.<\/p>\n\n<p><strong>1- \u00a0 \u00a0 Use products with sunscreen daily<\/strong><\/p>\n\n<p>Blonde hair is more sensitive to the oxidizing action of the sun&#8217;s rays, so to prevent the strands from becoming dry and dull, it&#8217;s important to use <strong>Probelle Nutritive Repair, <strong>Probelle TermoAtivado <\/strong><\/strong>or <strong><strong><strong>Probelle Multi Use<\/strong><\/strong> <\/strong>daily, especially before swimming in the pool and sea. This product protects the hair from the high temperatures of the dryer, straightening irons and has a high-performance sunscreen in its composition, in addition to argan oil and pracaxi, not to mention the delicious smell that stays in the locks!<\/p>\n\n<figure class=\"wp-block-image size-large\"><picture><source srcset=\"https:\/\/probelle.com.br\/wp-content\/webp-express\/webp-images\/uploads\/2022\/12\/PROTETOR-TERMICO-1024x1024.png.webp 1024w, https:\/\/probelle.com.br\/wp-content\/webp-express\/webp-images\/uploads\/2022\/12\/PROTETOR-TERMICO-300x300.png.webp 300w, https:\/\/probelle.com.br\/wp-content\/webp-express\/webp-images\/uploads\/2022\/12\/PROTETOR-TERMICO-150x150.png.webp 150w, https:\/\/probelle.com.br\/wp-content\/webp-express\/webp-images\/uploads\/2022\/12\/PROTETOR-TERMICO-768x768.png.webp 768w, https:\/\/probelle.com.br\/wp-content\/webp-express\/webp-images\/uploads\/2022\/12\/PROTETOR-TERMICO-100x100.png.webp 100w, https:\/\/probelle.com.br\/wp-content\/webp-express\/webp-images\/uploads\/2022\/12\/PROTETOR-TERMICO.png.webp 1080w\" sizes=\"(max-width: 767px) 89vw, (max-width: 1000px) 54vw, (max-width: 1071px) 543px, 580px\" type=\"image\/webp\"><img fetchpriority=\"high\" decoding=\"async\" width=\"1024\" height=\"1024\" src=\"https:\/\/probelle.com.br\/wp-content\/uploads\/2022\/12\/PROTETOR-TERMICO-1024x1024.png\" alt=\"\" class=\"wp-image-15543 webpexpress-processed\" srcset=\"https:\/\/probelle.com.br\/wp-content\/uploads\/2022\/12\/PROTETOR-TERMICO-1024x1024.png 1024w, https:\/\/probelle.com.br\/wp-content\/uploads\/2022\/12\/PROTETOR-TERMICO-300x300.png 300w, https:\/\/probelle.com.br\/wp-content\/uploads\/2022\/12\/PROTETOR-TERMICO-150x150.png 150w, https:\/\/probelle.com.br\/wp-content\/uploads\/2022\/12\/PROTETOR-TERMICO-768x768.png 768w, https:\/\/probelle.com.br\/wp-content\/uploads\/2022\/12\/PROTETOR-TERMICO-100x100.png 100w, https:\/\/probelle.com.br\/wp-content\/uploads\/2022\/12\/PROTETOR-TERMICO.png 1080w\" sizes=\"(max-width: 767px) 89vw, (max-width: 1000px) 54vw, (max-width: 1071px) 543px, 580px\"><\/picture><\/figure>\n\n<p><br\/><strong>2-\u00a0 \u00a0 \u00a0 Intensify hydration and nutrition, especially when going to the beach<\/strong><\/p>\n\n<p>At this time, it is also important that the treatment routine is intensified, in order to replace the water and nutrients that are removed by the action of the sun, salt water and swimming pool. A great ally for extra care with your hair is the <strong>Lumino Max<\/strong> line, which includes shampoo, conditioner, mask, leave in, multipurpose thermoprotector and correcting serum. The results promise unparalleled shine, silky texture, mass replacement, cellular cement reconstruction, pH balance of the scalp and fiber, in addition to preventing the appearance of split ends.<br\/><br\/><\/p>\n\n<figure class=\"wp-block-image size-large\"><picture><source srcset=\"https:\/\/probelle.com.br\/wp-content\/webp-express\/webp-images\/uploads\/2022\/12\/Composicao_pagina_3_sombra-1024x703.png.webp 1024w, https:\/\/probelle.com.br\/wp-content\/webp-express\/webp-images\/uploads\/2022\/12\/Composicao_pagina_3_sombra-300x206.png.webp 300w, https:\/\/probelle.com.br\/wp-content\/webp-express\/webp-images\/uploads\/2022\/12\/Composicao_pagina_3_sombra-768x528.png.webp 768w, https:\/\/probelle.com.br\/wp-content\/webp-express\/webp-images\/uploads\/2022\/12\/Composicao_pagina_3_sombra-1536x1055.png.webp 1536w, https:\/\/probelle.com.br\/wp-content\/webp-express\/webp-images\/uploads\/2022\/12\/Composicao_pagina_3_sombra-2048x1407.png.webp 2048w\" sizes=\"(max-width: 767px) 89vw, (max-width: 1000px) 54vw, (max-width: 1071px) 543px, 580px\" type=\"image\/webp\"><img decoding=\"async\" width=\"1024\" height=\"703\" src=\"https:\/\/probelle.com.br\/wp-content\/uploads\/2022\/12\/Composicao_pagina_3_sombra-1024x703.png\" alt=\"\" class=\"wp-image-15544 webpexpress-processed\" srcset=\"https:\/\/probelle.com.br\/wp-content\/uploads\/2022\/12\/Composicao_pagina_3_sombra-1024x703.png 1024w, https:\/\/probelle.com.br\/wp-content\/uploads\/2022\/12\/Composicao_pagina_3_sombra-300x206.png 300w, https:\/\/probelle.com.br\/wp-content\/uploads\/2022\/12\/Composicao_pagina_3_sombra-768x528.png 768w, https:\/\/probelle.com.br\/wp-content\/uploads\/2022\/12\/Composicao_pagina_3_sombra-1536x1055.png 1536w, https:\/\/probelle.com.br\/wp-content\/uploads\/2022\/12\/Composicao_pagina_3_sombra-2048x1407.png 2048w\" sizes=\"(max-width: 767px) 89vw, (max-width: 1000px) 54vw, (max-width: 1071px) 543px, 580px\"><\/picture><\/figure>\n\n<p><strong>3-\u00a0 \u00a0 \u00a0 Invest in hair reconstruction<\/strong><\/p>\n\n<p>If you have blonde hair, you are familiar with the word \u201creconstruction\u201d, as it is an indispensable ally in hair care, especially in the summer. Chemicals, added to these external aggressions, cause deep damage to the hair, so you can&#8217;t relax in care in this regard. To help you, Probelle has <strong>Maximum Keratin Load<\/strong>, which promises and delivers EVERYTHING: replacement of hair mass, fiber restructuring, cuticle sealing, strength and elasticity, and MUCH MORE!<\/p>\n\n<figure class=\"wp-block-image size-large\"><picture><source srcset=\"https:\/\/probelle.com.br\/wp-content\/webp-express\/webp-images\/uploads\/2022\/12\/Queratina-Probelle-1024x1024.png.webp 1024w, https:\/\/probelle.com.br\/wp-content\/webp-express\/webp-images\/uploads\/2022\/12\/Queratina-Probelle-300x300.png.webp 300w, https:\/\/probelle.com.br\/wp-content\/webp-express\/webp-images\/uploads\/2022\/12\/Queratina-Probelle-150x150.png.webp 150w, https:\/\/probelle.com.br\/wp-content\/webp-express\/webp-images\/uploads\/2022\/12\/Queratina-Probelle-768x768.png.webp 768w, https:\/\/probelle.com.br\/wp-content\/webp-express\/webp-images\/uploads\/2022\/12\/Queratina-Probelle-100x100.png.webp 100w, https:\/\/probelle.com.br\/wp-content\/webp-express\/webp-images\/uploads\/2022\/12\/Queratina-Probelle.png.webp 1080w\" sizes=\"(max-width: 767px) 89vw, (max-width: 1000px) 54vw, (max-width: 1071px) 543px, 580px\" type=\"image\/webp\"><img decoding=\"async\" width=\"1024\" height=\"1024\" src=\"https:\/\/probelle.com.br\/wp-content\/uploads\/2022\/12\/Queratina-Probelle-1024x1024.png\" alt=\"\" class=\"wp-image-15545 webpexpress-processed\" srcset=\"https:\/\/probelle.com.br\/wp-content\/uploads\/2022\/12\/Queratina-Probelle-1024x1024.png 1024w, https:\/\/probelle.com.br\/wp-content\/uploads\/2022\/12\/Queratina-Probelle-300x300.png 300w, https:\/\/probelle.com.br\/wp-content\/uploads\/2022\/12\/Queratina-Probelle-150x150.png 150w, https:\/\/probelle.com.br\/wp-content\/uploads\/2022\/12\/Queratina-Probelle-768x768.png 768w, https:\/\/probelle.com.br\/wp-content\/uploads\/2022\/12\/Queratina-Probelle-100x100.png 100w, https:\/\/probelle.com.br\/wp-content\/uploads\/2022\/12\/Queratina-Probelle.png 1080w\" sizes=\"(max-width: 767px) 89vw, (max-width: 1000px) 54vw, (max-width: 1071px) 543px, 580px\"><\/picture><\/figure>\n\n<p><strong>4- Leave the straightening iron, the dryer and the curling iron a little aside.<\/strong><\/p>\n\n<p>The excess heat caused by these tools damages the wires and is not recommended at any time of the year, but in the summer this is exacerbated by the fact that the wires are more sensitive. To further prevent the dryness and fading of the locks, it is necessary to forget about this habit a little, let the hair dry naturally and bet on more relaxed and natural hairstyles. If you still choose to use these products, don&#8217;t forget tip No. 1: the <strong>Thermal Protector<\/strong> mentioned in the first topic.<\/p>\n\n<figure class=\"wp-block-image size-large\"><picture><source srcset=\"https:\/\/probelle.com.br\/wp-content\/webp-express\/webp-images\/uploads\/2022\/12\/IMG_1216-Editar-1024x1024.png.webp 1024w, https:\/\/probelle.com.br\/wp-content\/webp-express\/webp-images\/uploads\/2022\/12\/IMG_1216-Editar-300x300.png.webp 300w, https:\/\/probelle.com.br\/wp-content\/webp-express\/webp-images\/uploads\/2022\/12\/IMG_1216-Editar-150x150.png.webp 150w, https:\/\/probelle.com.br\/wp-content\/webp-express\/webp-images\/uploads\/2022\/12\/IMG_1216-Editar-768x768.png.webp 768w, https:\/\/probelle.com.br\/wp-content\/webp-express\/webp-images\/uploads\/2022\/12\/IMG_1216-Editar-100x100.png.webp 100w, https:\/\/probelle.com.br\/wp-content\/webp-express\/webp-images\/uploads\/2022\/12\/IMG_1216-Editar.png.webp 1080w\" sizes=\"(max-width: 767px) 89vw, (max-width: 1000px) 54vw, (max-width: 1071px) 543px, 580px\" type=\"image\/webp\"><img loading=\"lazy\" decoding=\"async\" width=\"1024\" height=\"1024\" src=\"https:\/\/probelle.com.br\/wp-content\/uploads\/2022\/12\/IMG_1216-Editar-1024x1024.png\" alt=\"\" class=\"wp-image-15547 webpexpress-processed\" srcset=\"https:\/\/probelle.com.br\/wp-content\/uploads\/2022\/12\/IMG_1216-Editar-1024x1024.png 1024w, https:\/\/probelle.com.br\/wp-content\/uploads\/2022\/12\/IMG_1216-Editar-300x300.png 300w, https:\/\/probelle.com.br\/wp-content\/uploads\/2022\/12\/IMG_1216-Editar-150x150.png 150w, https:\/\/probelle.com.br\/wp-content\/uploads\/2022\/12\/IMG_1216-Editar-768x768.png 768w, https:\/\/probelle.com.br\/wp-content\/uploads\/2022\/12\/IMG_1216-Editar-100x100.png 100w, https:\/\/probelle.com.br\/wp-content\/uploads\/2022\/12\/IMG_1216-Editar.png 1080w\" sizes=\"(max-width: 767px) 89vw, (max-width: 1000px) 54vw, (max-width: 1071px) 543px, 580px\"><\/picture><\/figure>\n\n<p><strong>5- Don&#8217;t forget the shading<\/strong><\/p>\n\n<p>In addition to all the damage that dryness caused by salt water can bring, blondes should still be concerned about changing the color of dyed hair, which can turn yellow. To avoid this and maintain the original tone of the hair, it is necessary to invest in matting products, with violet or gray pigment. Probelle has a <strong>SILVER<\/strong> shampoo and tinting mask, which standardize blondes and eliminate yellowing, replacing amino acids and proteins lost by external aggressions and chemical processes.<\/p>\n\n<figure class=\"wp-block-image size-large\"><picture><source srcset=\"https:\/\/probelle.com.br\/wp-content\/webp-express\/webp-images\/uploads\/2022\/12\/matizador-silver-1024x1024.png.webp 1024w, https:\/\/probelle.com.br\/wp-content\/webp-express\/webp-images\/uploads\/2022\/12\/matizador-silver-300x300.png.webp 300w, https:\/\/probelle.com.br\/wp-content\/webp-express\/webp-images\/uploads\/2022\/12\/matizador-silver-150x150.png.webp 150w, https:\/\/probelle.com.br\/wp-content\/webp-express\/webp-images\/uploads\/2022\/12\/matizador-silver-768x768.png.webp 768w, https:\/\/probelle.com.br\/wp-content\/webp-express\/webp-images\/uploads\/2022\/12\/matizador-silver-100x100.png.webp 100w, https:\/\/probelle.com.br\/wp-content\/webp-express\/webp-images\/uploads\/2022\/12\/matizador-silver.png.webp 1080w\" sizes=\"(max-width: 767px) 89vw, (max-width: 1000px) 54vw, (max-width: 1071px) 543px, 580px\" type=\"image\/webp\"><img loading=\"lazy\" decoding=\"async\" width=\"1024\" height=\"1024\" src=\"https:\/\/probelle.com.br\/wp-content\/uploads\/2022\/12\/matizador-silver-1024x1024.png\" alt=\"\" class=\"wp-image-15546 webpexpress-processed\" srcset=\"https:\/\/probelle.com.br\/wp-content\/uploads\/2022\/12\/matizador-silver-1024x1024.png 1024w, https:\/\/probelle.com.br\/wp-content\/uploads\/2022\/12\/matizador-silver-300x300.png 300w, https:\/\/probelle.com.br\/wp-content\/uploads\/2022\/12\/matizador-silver-150x150.png 150w, https:\/\/probelle.com.br\/wp-content\/uploads\/2022\/12\/matizador-silver-768x768.png 768w, https:\/\/probelle.com.br\/wp-content\/uploads\/2022\/12\/matizador-silver-100x100.png 100w, https:\/\/probelle.com.br\/wp-content\/uploads\/2022\/12\/matizador-silver.png 1080w\" sizes=\"(max-width: 767px) 89vw, (max-width: 1000px) 54vw, (max-width: 1071px) 543px, 580px\"><\/picture><\/figure>\n\n<p><\/p>\n","protected":false},"excerpt":{"rendered":"<p>Blond hair, in any season, is known for the demand for care it requires. However, now in summer, due to greater exposure to pool and sea water, in addition to rising temperatures, these precautions must be redoubled to avoid damage such as breakage, stains, dryness, etc. So how to take care of hair this summer? &hellip; <\/p>\n<p class=\"link-more\"><a href=\"https:\/\/probelle.com.br\/en\/blond-hair-care-in-the-summer\/\" class=\"more-link\">Continue reading<span class=\"screen-reader-text\"> &#8220;BLOND HAIR CARE IN THE SUMMER&#8221;<\/span><\/a><\/p>\n","protected":false},"author":3,"featured_media":17927,"comment_status":"open","ping_status":"open","sticky":false,"template":"","format":"standard","meta":{"_joinchat":[],"footnotes":""},"categories":[149],"tags":[206,183,207,208],"class_list":["post-20899","post","type-post","status-publish","format-standard","has-post-thumbnail","hentry","category-blog-en","tag-cabelo-no-verao-en","tag-cabelos-loiros-en","tag-cuidados-com-o-verao-en","tag-protetor-termico-en"],"yoast_head":"<!-- This site is optimized with the Yoast SEO Premium plugin v23.5 (Yoast SEO v26.5) - https:\/\/yoast.com\/wordpress\/plugins\/seo\/ -->\n<title>BLOND HAIR CARE IN THE SUMMER ~ Probelle Cosm\u00e9ticos<\/title>\n<meta name=\"robots\" content=\"index, follow, max-snippet:-1, max-image-preview:large, max-video-preview:-1\" \/>\n<link rel=\"canonical\" href=\"https:\/\/probelle.com.br\/en\/blond-hair-care-in-the-summer\/\" \/>\n<meta property=\"og:locale\" content=\"en_US\" \/>\n<meta property=\"og:type\" content=\"article\" \/>\n<meta property=\"og:title\" content=\"BLOND HAIR CARE IN THE SUMMER\" \/>\n<meta property=\"og:description\" content=\"Blond hair, in any season, is known for the demand for care it requires. However, now in summer, due to greater exposure to pool and sea water, in addition to rising temperatures, these precautions must be redoubled to avoid damage such as breakage, stains, dryness, etc. So how to take care of hair this summer? &hellip; Continue reading &quot;BLOND HAIR CARE IN THE SUMMER&quot;\" \/>\n<meta property=\"og:url\" content=\"https:\/\/probelle.com.br\/en\/blond-hair-care-in-the-summer\/\" \/>\n<meta property=\"og:site_name\" content=\"Probelle Cosm\u00e9ticos\" \/>\n<meta property=\"article:publisher\" content=\"https:\/\/www.facebook.com\/probelle\/\" \/>\n<meta property=\"article:published_time\" content=\"2022-12-28T20:04:35+00:00\" \/>\n<meta property=\"article:modified_time\" content=\"2023-04-25T20:14:23+00:00\" \/>\n<meta property=\"og:image\" content=\"https:\/\/probelle.com.br\/wp-content\/uploads\/2022\/12\/PROTETOR-TERMICO.png\" \/>\n\t<meta property=\"og:image:width\" content=\"1080\" \/>\n\t<meta property=\"og:image:height\" content=\"1080\" \/>\n\t<meta property=\"og:image:type\" content=\"image\/png\" \/>\n<meta name=\"author\" content=\"Douglas\" \/>\n<meta name=\"twitter:card\" content=\"summary_large_image\" \/>\n<meta name=\"twitter:label1\" content=\"Written by\" \/>\n\t<meta name=\"twitter:data1\" content=\"Douglas\" \/>\n\t<meta name=\"twitter:label2\" content=\"Est. reading time\" \/>\n\t<meta name=\"twitter:data2\" content=\"3 minutes\" \/>\n<script type=\"application\/ld+json\" class=\"yoast-schema-graph\">{\"@context\":\"https:\/\/schema.org\",\"@graph\":[{\"@type\":\"Article\",\"@id\":\"https:\/\/probelle.com.br\/en\/blond-hair-care-in-the-summer\/#article\",\"isPartOf\":{\"@id\":\"https:\/\/probelle.com.br\/en\/blond-hair-care-in-the-summer\/\"},\"author\":{\"name\":\"Douglas\",\"@id\":\"https:\/\/probelle.com.br\/en\/#\/schema\/person\/81f40225eac793a61e629b3a7ef16a8b\"},\"headline\":\"BLOND HAIR CARE IN THE SUMMER\",\"datePublished\":\"2022-12-28T20:04:35+00:00\",\"dateModified\":\"2023-04-25T20:14:23+00:00\",\"mainEntityOfPage\":{\"@id\":\"https:\/\/probelle.com.br\/en\/blond-hair-care-in-the-summer\/\"},\"wordCount\":547,\"commentCount\":0,\"publisher\":{\"@id\":\"https:\/\/probelle.com.br\/en\/#organization\"},\"image\":{\"@id\":\"https:\/\/probelle.com.br\/en\/blond-hair-care-in-the-summer\/#primaryimage\"},\"thumbnailUrl\":\"https:\/\/probelle.com.br\/wp-content\/uploads\/2022\/12\/PROTETOR-TERMICO.png\",\"keywords\":[\"Cabelo no ver\u00e3o\",\"Cabelos loiros\",\"Cuidados com o ver\u00e3o\",\"Protetor T\u00e9rmico\"],\"articleSection\":[\"Blog\"],\"inLanguage\":\"en-US\",\"potentialAction\":[{\"@type\":\"CommentAction\",\"name\":\"Comment\",\"target\":[\"https:\/\/probelle.com.br\/en\/blond-hair-care-in-the-summer\/#respond\"]}]},{\"@type\":\"WebPage\",\"@id\":\"https:\/\/probelle.com.br\/en\/blond-hair-care-in-the-summer\/\",\"url\":\"https:\/\/probelle.com.br\/en\/blond-hair-care-in-the-summer\/\",\"name\":\"BLOND HAIR CARE IN THE SUMMER ~ Probelle Cosm\u00e9ticos\",\"isPartOf\":{\"@id\":\"https:\/\/probelle.com.br\/en\/#website\"},\"primaryImageOfPage\":{\"@id\":\"https:\/\/probelle.com.br\/en\/blond-hair-care-in-the-summer\/#primaryimage\"},\"image\":{\"@id\":\"https:\/\/probelle.com.br\/en\/blond-hair-care-in-the-summer\/#primaryimage\"},\"thumbnailUrl\":\"https:\/\/probelle.com.br\/wp-content\/uploads\/2022\/12\/PROTETOR-TERMICO.png\",\"datePublished\":\"2022-12-28T20:04:35+00:00\",\"dateModified\":\"2023-04-25T20:14:23+00:00\",\"breadcrumb\":{\"@id\":\"https:\/\/probelle.com.br\/en\/blond-hair-care-in-the-summer\/#breadcrumb\"},\"inLanguage\":\"en-US\",\"potentialAction\":[{\"@type\":\"ReadAction\",\"target\":[\"https:\/\/probelle.com.br\/en\/blond-hair-care-in-the-summer\/\"]}]},{\"@type\":\"ImageObject\",\"inLanguage\":\"en-US\",\"@id\":\"https:\/\/probelle.com.br\/en\/blond-hair-care-in-the-summer\/#primaryimage\",\"url\":\"https:\/\/probelle.com.br\/wp-content\/uploads\/2022\/12\/PROTETOR-TERMICO.png\",\"contentUrl\":\"https:\/\/probelle.com.br\/wp-content\/uploads\/2022\/12\/PROTETOR-TERMICO.png\",\"width\":1080,\"height\":1080},{\"@type\":\"BreadcrumbList\",\"@id\":\"https:\/\/probelle.com.br\/en\/blond-hair-care-in-the-summer\/#breadcrumb\",\"itemListElement\":[{\"@type\":\"ListItem\",\"position\":1,\"name\":\"Home\",\"item\":\"https:\/\/probelle.com.br\/en\/\"},{\"@type\":\"ListItem\",\"position\":2,\"name\":\"BLOND HAIR CARE IN THE SUMMER\"}]},{\"@type\":\"WebSite\",\"@id\":\"https:\/\/probelle.com.br\/en\/#website\",\"url\":\"https:\/\/probelle.com.br\/en\/\",\"name\":\"Probelle Cosm\u00e9ticos\",\"description\":\"Todo mundo tem em casa.\",\"publisher\":{\"@id\":\"https:\/\/probelle.com.br\/en\/#organization\"},\"potentialAction\":[{\"@type\":\"SearchAction\",\"target\":{\"@type\":\"EntryPoint\",\"urlTemplate\":\"https:\/\/probelle.com.br\/en\/?s={search_term_string}\"},\"query-input\":{\"@type\":\"PropertyValueSpecification\",\"valueRequired\":true,\"valueName\":\"search_term_string\"}}],\"inLanguage\":\"en-US\"},{\"@type\":\"Organization\",\"@id\":\"https:\/\/probelle.com.br\/en\/#organization\",\"name\":\"Probelle Cosm\u00e9ticos\",\"url\":\"https:\/\/probelle.com.br\/en\/\",\"logo\":{\"@type\":\"ImageObject\",\"inLanguage\":\"en-US\",\"@id\":\"https:\/\/probelle.com.br\/en\/#\/schema\/logo\/image\/\",\"url\":\"https:\/\/probelle.com.br\/wp-content\/uploads\/2022\/08\/Para-o-sitee.jpg\",\"contentUrl\":\"https:\/\/probelle.com.br\/wp-content\/uploads\/2022\/08\/Para-o-sitee.jpg\",\"width\":1000,\"height\":750,\"caption\":\"Probelle Cosm\u00e9ticos\"},\"image\":{\"@id\":\"https:\/\/probelle.com.br\/en\/#\/schema\/logo\/image\/\"},\"sameAs\":[\"https:\/\/www.facebook.com\/probelle\/\",\"https:\/\/www.instagram.com\/probellecosmeticos\/\",\"https:\/\/www.youtube.com\/c\/ProbelleCosm\u00e9ticos\/\",\"https:\/\/br.linkedin.com\/company\/probellecosmeticos\",\"https:\/\/br.pinterest.com\/probellecosmeticos\/\"]},{\"@type\":\"Person\",\"@id\":\"https:\/\/probelle.com.br\/en\/#\/schema\/person\/81f40225eac793a61e629b3a7ef16a8b\",\"name\":\"Douglas\",\"image\":{\"@type\":\"ImageObject\",\"inLanguage\":\"en-US\",\"@id\":\"https:\/\/probelle.com.br\/en\/#\/schema\/person\/image\/\",\"url\":\"https:\/\/secure.gravatar.com\/avatar\/d0c439a962f1c49a6bd820e2d648bbeb9856e33bc138b8e681d36960a3e432df?s=96&d=mm&r=g\",\"contentUrl\":\"https:\/\/secure.gravatar.com\/avatar\/d0c439a962f1c49a6bd820e2d648bbeb9856e33bc138b8e681d36960a3e432df?s=96&d=mm&r=g\",\"caption\":\"Douglas\"}}]}<\/script>\n<!-- \/ Yoast SEO Premium plugin. -->","yoast_head_json":{"title":"BLOND HAIR CARE IN THE SUMMER ~ Probelle Cosm\u00e9ticos","robots":{"index":"index","follow":"follow","max-snippet":"max-snippet:-1","max-image-preview":"max-image-preview:large","max-video-preview":"max-video-preview:-1"},"canonical":"https:\/\/probelle.com.br\/en\/blond-hair-care-in-the-summer\/","og_locale":"en_US","og_type":"article","og_title":"BLOND HAIR CARE IN THE SUMMER","og_description":"Blond hair, in any season, is known for the demand for care it requires. However, now in summer, due to greater exposure to pool and sea water, in addition to rising temperatures, these precautions must be redoubled to avoid damage such as breakage, stains, dryness, etc. So how to take care of hair this summer? &hellip; Continue reading \"BLOND HAIR CARE IN THE SUMMER\"","og_url":"https:\/\/probelle.com.br\/en\/blond-hair-care-in-the-summer\/","og_site_name":"Probelle Cosm\u00e9ticos","article_publisher":"https:\/\/www.facebook.com\/probelle\/","article_published_time":"2022-12-28T20:04:35+00:00","article_modified_time":"2023-04-25T20:14:23+00:00","og_image":[{"width":1080,"height":1080,"url":"https:\/\/probelle.com.br\/wp-content\/uploads\/2022\/12\/PROTETOR-TERMICO.png","type":"image\/png"}],"author":"Douglas","twitter_card":"summary_large_image","twitter_misc":{"Written by":"Douglas","Est. reading time":"3 minutes"},"schema":{"@context":"https:\/\/schema.org","@graph":[{"@type":"Article","@id":"https:\/\/probelle.com.br\/en\/blond-hair-care-in-the-summer\/#article","isPartOf":{"@id":"https:\/\/probelle.com.br\/en\/blond-hair-care-in-the-summer\/"},"author":{"name":"Douglas","@id":"https:\/\/probelle.com.br\/en\/#\/schema\/person\/81f40225eac793a61e629b3a7ef16a8b"},"headline":"BLOND HAIR CARE IN THE SUMMER","datePublished":"2022-12-28T20:04:35+00:00","dateModified":"2023-04-25T20:14:23+00:00","mainEntityOfPage":{"@id":"https:\/\/probelle.com.br\/en\/blond-hair-care-in-the-summer\/"},"wordCount":547,"commentCount":0,"publisher":{"@id":"https:\/\/probelle.com.br\/en\/#organization"},"image":{"@id":"https:\/\/probelle.com.br\/en\/blond-hair-care-in-the-summer\/#primaryimage"},"thumbnailUrl":"https:\/\/probelle.com.br\/wp-content\/uploads\/2022\/12\/PROTETOR-TERMICO.png","keywords":["Cabelo no ver\u00e3o","Cabelos loiros","Cuidados com o ver\u00e3o","Protetor T\u00e9rmico"],"articleSection":["Blog"],"inLanguage":"en-US","potentialAction":[{"@type":"CommentAction","name":"Comment","target":["https:\/\/probelle.com.br\/en\/blond-hair-care-in-the-summer\/#respond"]}]},{"@type":"WebPage","@id":"https:\/\/probelle.com.br\/en\/blond-hair-care-in-the-summer\/","url":"https:\/\/probelle.com.br\/en\/blond-hair-care-in-the-summer\/","name":"BLOND HAIR CARE IN THE SUMMER ~ Probelle Cosm\u00e9ticos","isPartOf":{"@id":"https:\/\/probelle.com.br\/en\/#website"},"primaryImageOfPage":{"@id":"https:\/\/probelle.com.br\/en\/blond-hair-care-in-the-summer\/#primaryimage"},"image":{"@id":"https:\/\/probelle.com.br\/en\/blond-hair-care-in-the-summer\/#primaryimage"},"thumbnailUrl":"https:\/\/probelle.com.br\/wp-content\/uploads\/2022\/12\/PROTETOR-TERMICO.png","datePublished":"2022-12-28T20:04:35+00:00","dateModified":"2023-04-25T20:14:23+00:00","breadcrumb":{"@id":"https:\/\/probelle.com.br\/en\/blond-hair-care-in-the-summer\/#breadcrumb"},"inLanguage":"en-US","potentialAction":[{"@type":"ReadAction","target":["https:\/\/probelle.com.br\/en\/blond-hair-care-in-the-summer\/"]}]},{"@type":"ImageObject","inLanguage":"en-US","@id":"https:\/\/probelle.com.br\/en\/blond-hair-care-in-the-summer\/#primaryimage","url":"https:\/\/probelle.com.br\/wp-content\/uploads\/2022\/12\/PROTETOR-TERMICO.png","contentUrl":"https:\/\/probelle.com.br\/wp-content\/uploads\/2022\/12\/PROTETOR-TERMICO.png","width":1080,"height":1080},{"@type":"BreadcrumbList","@id":"https:\/\/probelle.com.br\/en\/blond-hair-care-in-the-summer\/#breadcrumb","itemListElement":[{"@type":"ListItem","position":1,"name":"Home","item":"https:\/\/probelle.com.br\/en\/"},{"@type":"ListItem","position":2,"name":"BLOND HAIR CARE IN THE SUMMER"}]},{"@type":"WebSite","@id":"https:\/\/probelle.com.br\/en\/#website","url":"https:\/\/probelle.com.br\/en\/","name":"Probelle Cosm\u00e9ticos","description":"Todo mundo tem em casa.","publisher":{"@id":"https:\/\/probelle.com.br\/en\/#organization"},"potentialAction":[{"@type":"SearchAction","target":{"@type":"EntryPoint","urlTemplate":"https:\/\/probelle.com.br\/en\/?s={search_term_string}"},"query-input":{"@type":"PropertyValueSpecification","valueRequired":true,"valueName":"search_term_string"}}],"inLanguage":"en-US"},{"@type":"Organization","@id":"https:\/\/probelle.com.br\/en\/#organization","name":"Probelle Cosm\u00e9ticos","url":"https:\/\/probelle.com.br\/en\/","logo":{"@type":"ImageObject","inLanguage":"en-US","@id":"https:\/\/probelle.com.br\/en\/#\/schema\/logo\/image\/","url":"https:\/\/probelle.com.br\/wp-content\/uploads\/2022\/08\/Para-o-sitee.jpg","contentUrl":"https:\/\/probelle.com.br\/wp-content\/uploads\/2022\/08\/Para-o-sitee.jpg","width":1000,"height":750,"caption":"Probelle Cosm\u00e9ticos"},"image":{"@id":"https:\/\/probelle.com.br\/en\/#\/schema\/logo\/image\/"},"sameAs":["https:\/\/www.facebook.com\/probelle\/","https:\/\/www.instagram.com\/probellecosmeticos\/","https:\/\/www.youtube.com\/c\/ProbelleCosm\u00e9ticos\/","https:\/\/br.linkedin.com\/company\/probellecosmeticos","https:\/\/br.pinterest.com\/probellecosmeticos\/"]},{"@type":"Person","@id":"https:\/\/probelle.com.br\/en\/#\/schema\/person\/81f40225eac793a61e629b3a7ef16a8b","name":"Douglas","image":{"@type":"ImageObject","inLanguage":"en-US","@id":"https:\/\/probelle.com.br\/en\/#\/schema\/person\/image\/","url":"https:\/\/secure.gravatar.com\/avatar\/d0c439a962f1c49a6bd820e2d648bbeb9856e33bc138b8e681d36960a3e432df?s=96&d=mm&r=g","contentUrl":"https:\/\/secure.gravatar.com\/avatar\/d0c439a962f1c49a6bd820e2d648bbeb9856e33bc138b8e681d36960a3e432df?s=96&d=mm&r=g","caption":"Douglas"}}]}},"_links":{"self":[{"href":"https:\/\/probelle.com.br\/en\/wp-json\/wp\/v2\/posts\/20899","targetHints":{"allow":["GET"]}}],"collection":[{"href":"https:\/\/probelle.com.br\/en\/wp-json\/wp\/v2\/posts"}],"about":[{"href":"https:\/\/probelle.com.br\/en\/wp-json\/wp\/v2\/types\/post"}],"author":[{"embeddable":true,"href":"https:\/\/probelle.com.br\/en\/wp-json\/wp\/v2\/users\/3"}],"replies":[{"embeddable":true,"href":"https:\/\/probelle.com.br\/en\/wp-json\/wp\/v2\/comments?post=20899"}],"version-history":[{"count":1,"href":"https:\/\/probelle.com.br\/en\/wp-json\/wp\/v2\/posts\/20899\/revisions"}],"predecessor-version":[{"id":20900,"href":"https:\/\/probelle.com.br\/en\/wp-json\/wp\/v2\/posts\/20899\/revisions\/20900"}],"wp:featuredmedia":[{"embeddable":true,"href":"https:\/\/probelle.com.br\/en\/wp-json\/wp\/v2\/media\/17927"}],"wp:attachment":[{"href":"https:\/\/probelle.com.br\/en\/wp-json\/wp\/v2\/media?parent=20899"}],"wp:term":[{"taxonomy":"category","embeddable":true,"href":"https:\/\/probelle.com.br\/en\/wp-json\/wp\/v2\/categories?post=20899"},{"taxonomy":"post_tag","embeddable":true,"href":"https:\/\/probelle.com.br\/en\/wp-json\/wp\/v2\/tags?post=20899"}],"curies":[{"name":"wp","href":"https:\/\/api.w.org\/{rel}","templated":true}]}}